{"id":15592,"date":"2025-06-09T15:45:10","date_gmt":"2025-06-09T13:45:10","guid":{"rendered":"https:\/\/thomasgroslier.fr\/?p=15592"},"modified":"2026-01-18T08:52:02","modified_gmt":"2026-01-18T07:52:02","slug":"promenade-a-saint-palais-1","status":"publish","type":"post","link":"https:\/\/thomasgroslier.fr\/en\/promenade-a-saint-palais-1\/","title":{"rendered":"\u00ab\u00a0Promenade \u00e0 Saint-Palais 1\u00a0\u00bb"},"content":{"rendered":"<figure id=\"attachment_15593\" aria-describedby=\"caption-attachment-15593\" style=\"width: 381px\" class=\"wp-caption alignnone\"><a href=\"https:\/\/thomasgroslier.fr\/en\/promenade-a-saint-palais\/2024-10-promenade-a-saint-palais-web\/\" rel=\"attachment wp-att-15593\"><img data-recalc-dims=\"1\" loading=\"lazy\" decoding=\"async\" data-attachment-id=\"15593\" data-permalink=\"https:\/\/thomasgroslier.fr\/en\/promenade-a-saint-palais-1\/2024-10-promenade-a-saint-palais-web\/\" data-orig-file=\"https:\/\/i0.wp.com\/thomasgroslier.fr\/wp-content\/uploads\/2025\/06\/2024-10.Promenade-a-saint-palais-web.jpg?fit=709%2C572&amp;ssl=1\" data-orig-size=\"709,572\" data-comments-opened=\"0\" data-image-meta=\"{&quot;aperture&quot;:&quot;0&quot;,&quot;credit&quot;:&quot;&quot;,&quot;camera&quot;:&quot;&quot;,&quot;caption&quot;:&quot;&quot;,&quot;created_timestamp&quot;:&quot;0&quot;,&quot;copyright&quot;:&quot;&quot;,&quot;focal_length&quot;:&quot;0&quot;,&quot;iso&quot;:&quot;0&quot;,&quot;shutter_speed&quot;:&quot;0&quot;,&quot;title&quot;:&quot;&quot;,&quot;orientation&quot;:&quot;0&quot;}\" data-image-title=\"promenade-a-saint-palais.jpg\" data-image-description=\"&lt;p&gt;Une jeune cavali\u00e8re aux allures de r\u00eave traverse le rivage cr\u00e9pusculaire de Saint-Palais. Entre po\u00e9sie, enfance et myst\u00e8re, Promenade \u00e0 Saint-Palais est une peinture au charme \u00e9trange et suspendu.&lt;\/p&gt;\" data-image-caption=\"&lt;p&gt;\u00ab\u00a0Promenade \u00e0 Saint-Palais\u00a0\u00bb 2024 Temp\u00e9ra et huile sur toile 38 x 46 cm&lt;\/p&gt;\" data-large-file=\"https:\/\/i0.wp.com\/thomasgroslier.fr\/wp-content\/uploads\/2025\/06\/2024-10.Promenade-a-saint-palais-web.jpg?fit=640%2C516&amp;ssl=1\" class=\"wp-image-15593\" src=\"https:\/\/i0.wp.com\/thomasgroslier.fr\/wp-content\/uploads\/2025\/06\/2024-10.Promenade-a-saint-palais-web.jpg?resize=381%2C307&#038;ssl=1\" alt=\"Une jeune cavali\u00e8re aux allures de r\u00eave traverse le rivage cr\u00e9pusculaire de Saint-Palais. Entre po\u00e9sie, enfance et myst\u00e8re, Promenade \u00e0 Saint-Palais est une peinture au charme \u00e9trange et suspendu.\" width=\"381\" height=\"307\" srcset=\"https:\/\/i0.wp.com\/thomasgroslier.fr\/wp-content\/uploads\/2025\/06\/2024-10.Promenade-a-saint-palais-web.jpg?w=709&amp;ssl=1 709w, https:\/\/i0.wp.com\/thomasgroslier.fr\/wp-content\/uploads\/2025\/06\/2024-10.Promenade-a-saint-palais-web.jpg?resize=300%2C242&amp;ssl=1 300w, https:\/\/i0.wp.com\/thomasgroslier.fr\/wp-content\/uploads\/2025\/06\/2024-10.Promenade-a-saint-palais-web.jpg?resize=400%2C323&amp;ssl=1 400w, https:\/\/i0.wp.com\/thomasgroslier.fr\/wp-content\/uploads\/2025\/06\/2024-10.Promenade-a-saint-palais-web.jpg?resize=600%2C484&amp;ssl=1 600w\" sizes=\"auto, (max-width: 381px) 100vw, 381px\" \/><\/a><figcaption id=\"caption-attachment-15593\" class=\"wp-caption-text\">\u00ab\u00a0Promenade \u00e0 Saint-Palais\u00a0\u00bb 2024 Temp\u00e9ra et huile sur toile 38 x 46 cm<\/figcaption><\/figure>\n<p data-start=\"240\" data-end=\"854\"><span style=\"font-size: 20px;\">Dans <em data-start=\"245\" data-end=\"271\">Promenade \u00e0 Saint-Palais<\/em>, l\u2019artiste nous convie \u00e0 une sc\u00e8ne onirique, suspendue entre nuit et jour, r\u00e9alit\u00e9 et songe. Une jeune cavali\u00e8re, pieds nus et v\u00eatue de noir, chevauche un cheval blanc au galop fig\u00e9, le regard tourn\u00e9 vers l\u2019horizon marin. Sa longue tresse blonde orn\u00e9e de rubans rouges \u00e9voque \u00e0 la fois l\u2019enfance et une forme de rituel silencieux. Le duo se d\u00e9place \u00e0 travers un paysage cr\u00e9pusculaire : arbres nus, ciel charg\u00e9 de nuages, mer turquoise tranchant avec la terre sombre. L\u2019ambiance est presque mythologique, comme si cette promenade \u00e9tait celle d\u2019une h\u00e9ro\u00efne oubli\u00e9e, arrach\u00e9e au temps.<\/span><\/p>\n<p data-start=\"856\" data-end=\"1229\"><span style=\"font-size: 20px;\">Le style pictural, libre et expressif, renforce l\u2019impression d\u2019un conte visuel. Les proportions l\u00e9g\u00e8rement distordues, la frontalit\u00e9 de la composition, et la palette r\u00e9duite participent d\u2019un climat \u00e0 la fois paisible et charg\u00e9 d\u2019une gravit\u00e9 discr\u00e8te. On devine dans ce paysage de Saint-Palais une m\u00e9moire affective, un lieu r\u00e9el transfigur\u00e9 par l\u2019imaginaire et le souvenir.<\/span><!--more--><\/p>\n<p data-start=\"1231\" data-end=\"1489\"><span style=\"font-size: 20px;\">Cette \u0153uvre est peinte \u00e0 la temp\u00e9ra puis \u00e0 l\u2019huile sur toile, dans un format de <strong data-start=\"1311\" data-end=\"1325\">38 x 46 cm<\/strong>. L\u2019usage de la temp\u00e9ra, avec sa matit\u00e9 subtile et sa pr\u00e9cision, conjugu\u00e9e \u00e0 la richesse de l\u2019huile, donne \u00e0 la surface une vibration \u00e0 la fois d\u00e9licate et durable.<\/span><\/p>\n<p data-start=\"1231\" data-end=\"1489\">Claude Jacques<\/p>","protected":false},"excerpt":{"rendered":"<p>Cette \u0153uvre est r\u00e9alis\u00e9e \u00e0 la temp\u00e9ra \u00e0 l\u2019huile sur toile, au format 38 \u00d7 46 cm. Une premi\u00e8re couche \u00e0 la temp\u00e9ra, appliqu\u00e9e \u00e0 base d\u2019\u00e9mulsion d\u2019huile d\u2019\u0153illette, structure le dessin et les grandes masses avec une matit\u00e9 s\u00e8che et une pr\u00e9cision de ton. Elle permet un model\u00e9 ferme, tout en fixant la composition. Des couches fines d\u2019huile sont ensuite superpos\u00e9es en glacis ou en emp\u00e2tements l\u00e9gers, selon les zones, pour enrichir la mati\u00e8re et moduler les transparences. Ce proc\u00e9d\u00e9 mixte, h\u00e9rit\u00e9 des pratiques anciennes, conf\u00e8re \u00e0 la peinture \u00e0 la fois une luminosit\u00e9 int\u00e9rieure, une tenue chromatique stable, et une bonne r\u00e9sistance au vieillissement.<\/p>","protected":false},"author":1,"featured_media":15593,"comment_status":"open","ping_status":"open","sticky":false,"template":"","format":"standard","meta":{"_themeisle_gutenberg_block_has_review":false,"jetpack_post_was_ever_published":true,"_jetpack_newsletter_access":"","_jetpack_dont_email_post_to_subs":false,"_jetpack_newsletter_tier_id":0,"_jetpack_memberships_contains_paywalled_content":false,"_jetpack_memberships_contains_paid_content":false,"footnotes":"","jetpack_publicize_message":"","jetpack_publicize_feature_enabled":true,"jetpack_social_post_already_shared":true,"jetpack_social_options":{"image_generator_settings":{"template":"highway","default_image_id":0,"font":"","enabled":false},"version":2}},"categories":[61,106,62],"tags":[],"class_list":["post-15592","post","type-post","status-publish","format-standard","has-post-thumbnail","hentry","category-peinture","category-scene-de-genre","category-toutes-categories",""],"yoast_head":"<!-- This site is optimized with the Yoast SEO plugin v27.4 - https:\/\/yoast.com\/product\/yoast-seo-wordpress\/ -->\n<title>&quot;Promenade \u00e0 Saint-Palais 1&quot; - Thomas Groslier - Artiste peintre<\/title>\n<meta name=\"description\" content=\"Une jeune cavali\u00e8re aux allures de r\u00eave traverse le rivage cr\u00e9pusculaire de Saint-Palais. Entre po\u00e9sie, enfance et myst\u00e8re, Promenade \u00e0 Saint-Palais est une peinture au charme \u00e9trange et suspendu.\" \/>\n<meta name=\"robots\" content=\"index, follow, max-snippet:-1, max-image-preview:large, max-video-preview:-1\" \/>\n<link rel=\"canonical\" href=\"https:\/\/thomasgroslier.fr\/en\/promenade-a-saint-palais-1\/\" \/>\n<meta property=\"og:locale\" content=\"en_GB\" \/>\n<meta property=\"og:type\" content=\"article\" \/>\n<meta property=\"og:title\" content=\"&quot;Promenade \u00e0 Saint-Palais 1&quot; - Thomas Groslier - Artiste peintre\" \/>\n<meta property=\"og:description\" content=\"Une jeune cavali\u00e8re aux allures de r\u00eave traverse le rivage cr\u00e9pusculaire de Saint-Palais. Entre po\u00e9sie, enfance et myst\u00e8re, Promenade \u00e0 Saint-Palais est une peinture au charme \u00e9trange et suspendu.\" \/>\n<meta property=\"og:url\" content=\"https:\/\/thomasgroslier.fr\/en\/promenade-a-saint-palais-1\/\" \/>\n<meta property=\"og:site_name\" content=\"Thomas Groslier - Artiste peintre\" \/>\n<meta property=\"article:published_time\" content=\"2025-06-09T13:45:10+00:00\" \/>\n<meta property=\"article:modified_time\" content=\"2026-01-18T07:52:02+00:00\" \/>\n<meta property=\"og:image\" content=\"https:\/\/thomasgroslier.fr\/wp-content\/uploads\/2025\/06\/2024-10.Promenade-a-saint-palais-web.jpg\" \/>\n\t<meta property=\"og:image:width\" content=\"709\" \/>\n\t<meta property=\"og:image:height\" content=\"572\" \/>\n\t<meta property=\"og:image:type\" content=\"image\/jpeg\" \/>\n<meta name=\"author\" content=\"T\u00e9g\u00e9\" \/>\n<meta name=\"twitter:card\" content=\"summary_large_image\" \/>\n<meta name=\"twitter:label1\" content=\"Written by\" \/>\n\t<meta name=\"twitter:data1\" content=\"T\u00e9g\u00e9\" \/>\n\t<meta name=\"twitter:label2\" content=\"Estimated reading time\" \/>\n\t<meta name=\"twitter:data2\" content=\"2 minutes\" \/>\n<script type=\"application\/ld+json\" class=\"yoast-schema-graph\">{\"@context\":\"https:\\\/\\\/schema.org\",\"@graph\":[{\"@type\":\"Article\",\"@id\":\"https:\\\/\\\/thomasgroslier.fr\\\/promenade-a-saint-palais-1\\\/#article\",\"isPartOf\":{\"@id\":\"https:\\\/\\\/thomasgroslier.fr\\\/promenade-a-saint-palais-1\\\/\"},\"author\":{\"name\":\"T\u00e9g\u00e9\",\"@id\":\"https:\\\/\\\/thomasgroslier.fr\\\/#\\\/schema\\\/person\\\/cc098d20be146d7e870c5df87122bb46\"},\"headline\":\"\u00ab\u00a0Promenade \u00e0 Saint-Palais 1\u00a0\u00bb\",\"datePublished\":\"2025-06-09T13:45:10+00:00\",\"dateModified\":\"2026-01-18T07:52:02+00:00\",\"mainEntityOfPage\":{\"@id\":\"https:\\\/\\\/thomasgroslier.fr\\\/promenade-a-saint-palais-1\\\/\"},\"wordCount\":246,\"commentCount\":0,\"publisher\":{\"@id\":\"https:\\\/\\\/thomasgroslier.fr\\\/#organization\"},\"image\":{\"@id\":\"https:\\\/\\\/thomasgroslier.fr\\\/promenade-a-saint-palais-1\\\/#primaryimage\"},\"thumbnailUrl\":\"https:\\\/\\\/i0.wp.com\\\/thomasgroslier.fr\\\/wp-content\\\/uploads\\\/2025\\\/06\\\/2024-10.Promenade-a-saint-palais-web.jpg?fit=709%2C572&ssl=1\",\"articleSection\":[\"Peinture\",\"Sc\u00e8ne de genre\",\"Toutes cat\u00e9gories\"],\"inLanguage\":\"en-GB\",\"potentialAction\":[{\"@type\":\"CommentAction\",\"name\":\"Comment\",\"target\":[\"https:\\\/\\\/thomasgroslier.fr\\\/promenade-a-saint-palais-1\\\/#respond\"]}]},{\"@type\":\"WebPage\",\"@id\":\"https:\\\/\\\/thomasgroslier.fr\\\/promenade-a-saint-palais-1\\\/\",\"url\":\"https:\\\/\\\/thomasgroslier.fr\\\/promenade-a-saint-palais-1\\\/\",\"name\":\"\\\"Promenade \u00e0 Saint-Palais 1\\\" - Thomas Groslier - Artiste peintre\",\"isPartOf\":{\"@id\":\"https:\\\/\\\/thomasgroslier.fr\\\/#website\"},\"primaryImageOfPage\":{\"@id\":\"https:\\\/\\\/thomasgroslier.fr\\\/promenade-a-saint-palais-1\\\/#primaryimage\"},\"image\":{\"@id\":\"https:\\\/\\\/thomasgroslier.fr\\\/promenade-a-saint-palais-1\\\/#primaryimage\"},\"thumbnailUrl\":\"https:\\\/\\\/i0.wp.com\\\/thomasgroslier.fr\\\/wp-content\\\/uploads\\\/2025\\\/06\\\/2024-10.Promenade-a-saint-palais-web.jpg?fit=709%2C572&ssl=1\",\"datePublished\":\"2025-06-09T13:45:10+00:00\",\"dateModified\":\"2026-01-18T07:52:02+00:00\",\"description\":\"Une jeune cavali\u00e8re aux allures de r\u00eave traverse le rivage cr\u00e9pusculaire de Saint-Palais. Entre po\u00e9sie, enfance et myst\u00e8re, Promenade \u00e0 Saint-Palais est une peinture au charme \u00e9trange et suspendu.\",\"breadcrumb\":{\"@id\":\"https:\\\/\\\/thomasgroslier.fr\\\/promenade-a-saint-palais-1\\\/#breadcrumb\"},\"inLanguage\":\"en-GB\",\"potentialAction\":[{\"@type\":\"ReadAction\",\"target\":[\"https:\\\/\\\/thomasgroslier.fr\\\/promenade-a-saint-palais-1\\\/\"]}]},{\"@type\":\"ImageObject\",\"inLanguage\":\"en-GB\",\"@id\":\"https:\\\/\\\/thomasgroslier.fr\\\/promenade-a-saint-palais-1\\\/#primaryimage\",\"url\":\"https:\\\/\\\/i0.wp.com\\\/thomasgroslier.fr\\\/wp-content\\\/uploads\\\/2025\\\/06\\\/2024-10.Promenade-a-saint-palais-web.jpg?fit=709%2C572&ssl=1\",\"contentUrl\":\"https:\\\/\\\/i0.wp.com\\\/thomasgroslier.fr\\\/wp-content\\\/uploads\\\/2025\\\/06\\\/2024-10.Promenade-a-saint-palais-web.jpg?fit=709%2C572&ssl=1\",\"width\":709,\"height\":572,\"caption\":\"\\\"Promenade \u00e0 Saint-Palais\\\" 2024 Temp\u00e9ra et huile sur toile 38 x 46 cm\"},{\"@type\":\"BreadcrumbList\",\"@id\":\"https:\\\/\\\/thomasgroslier.fr\\\/promenade-a-saint-palais-1\\\/#breadcrumb\",\"itemListElement\":[{\"@type\":\"ListItem\",\"position\":1,\"name\":\"Accueil\",\"item\":\"https:\\\/\\\/thomasgroslier.fr\\\/\"},{\"@type\":\"ListItem\",\"position\":2,\"name\":\"\u00ab\u00a0Promenade \u00e0 Saint-Palais 1\u00a0\u00bb\"}]},{\"@type\":\"WebSite\",\"@id\":\"https:\\\/\\\/thomasgroslier.fr\\\/#website\",\"url\":\"https:\\\/\\\/thomasgroslier.fr\\\/\",\"name\":\"Thomas Groslier - Artiste peintre\",\"description\":\"\",\"publisher\":{\"@id\":\"https:\\\/\\\/thomasgroslier.fr\\\/#organization\"},\"alternateName\":\"Thomas Groslier\",\"potentialAction\":[{\"@type\":\"SearchAction\",\"target\":{\"@type\":\"EntryPoint\",\"urlTemplate\":\"https:\\\/\\\/thomasgroslier.fr\\\/?s={search_term_string}\"},\"query-input\":{\"@type\":\"PropertyValueSpecification\",\"valueRequired\":true,\"valueName\":\"search_term_string\"}}],\"inLanguage\":\"en-GB\"},{\"@type\":\"Organization\",\"@id\":\"https:\\\/\\\/thomasgroslier.fr\\\/#organization\",\"name\":\"Thomas Groslier - Artiste peintre\",\"url\":\"https:\\\/\\\/thomasgroslier.fr\\\/\",\"logo\":{\"@type\":\"ImageObject\",\"inLanguage\":\"en-GB\",\"@id\":\"https:\\\/\\\/thomasgroslier.fr\\\/#\\\/schema\\\/logo\\\/image\\\/\",\"url\":\"https:\\\/\\\/i0.wp.com\\\/thomasgroslier.fr\\\/wp-content\\\/uploads\\\/2018\\\/06\\\/cropped-cropped-cropped-autoportrait-le-soir1.jpg?fit=512%2C512&ssl=1\",\"contentUrl\":\"https:\\\/\\\/i0.wp.com\\\/thomasgroslier.fr\\\/wp-content\\\/uploads\\\/2018\\\/06\\\/cropped-cropped-cropped-autoportrait-le-soir1.jpg?fit=512%2C512&ssl=1\",\"width\":512,\"height\":512,\"caption\":\"Thomas Groslier - Artiste peintre\"},\"image\":{\"@id\":\"https:\\\/\\\/thomasgroslier.fr\\\/#\\\/schema\\\/logo\\\/image\\\/\"}},{\"@type\":\"Person\",\"@id\":\"https:\\\/\\\/thomasgroslier.fr\\\/#\\\/schema\\\/person\\\/cc098d20be146d7e870c5df87122bb46\",\"name\":\"T\u00e9g\u00e9\",\"image\":{\"@type\":\"ImageObject\",\"inLanguage\":\"en-GB\",\"@id\":\"https:\\\/\\\/secure.gravatar.com\\\/avatar\\\/0a6d198652fad986f343d5eda9215d5d8206aeafdd7fa98837b94d58459ce484?s=96&d=mm&r=g\",\"url\":\"https:\\\/\\\/secure.gravatar.com\\\/avatar\\\/0a6d198652fad986f343d5eda9215d5d8206aeafdd7fa98837b94d58459ce484?s=96&d=mm&r=g\",\"contentUrl\":\"https:\\\/\\\/secure.gravatar.com\\\/avatar\\\/0a6d198652fad986f343d5eda9215d5d8206aeafdd7fa98837b94d58459ce484?s=96&d=mm&r=g\",\"caption\":\"T\u00e9g\u00e9\"},\"url\":\"https:\\\/\\\/thomasgroslier.fr\\\/en\\\/author\\\/admin3014\\\/\"}]}<\/script>\n<!-- \/ Yoast SEO plugin. -->","yoast_head_json":{"title":"\"Promenade \u00e0 Saint-Palais 1\" - Thomas Groslier - Artiste peintre","description":"Une jeune cavali\u00e8re aux allures de r\u00eave traverse le rivage cr\u00e9pusculaire de Saint-Palais. Entre po\u00e9sie, enfance et myst\u00e8re, Promenade \u00e0 Saint-Palais est une peinture au charme \u00e9trange et suspendu.","robots":{"index":"index","follow":"follow","max-snippet":"max-snippet:-1","max-image-preview":"max-image-preview:large","max-video-preview":"max-video-preview:-1"},"canonical":"https:\/\/thomasgroslier.fr\/en\/promenade-a-saint-palais-1\/","og_locale":"en_GB","og_type":"article","og_title":"\"Promenade \u00e0 Saint-Palais 1\" - Thomas Groslier - Artiste peintre","og_description":"Une jeune cavali\u00e8re aux allures de r\u00eave traverse le rivage cr\u00e9pusculaire de Saint-Palais. Entre po\u00e9sie, enfance et myst\u00e8re, Promenade \u00e0 Saint-Palais est une peinture au charme \u00e9trange et suspendu.","og_url":"https:\/\/thomasgroslier.fr\/en\/promenade-a-saint-palais-1\/","og_site_name":"Thomas Groslier - Artiste peintre","article_published_time":"2025-06-09T13:45:10+00:00","article_modified_time":"2026-01-18T07:52:02+00:00","og_image":[{"width":709,"height":572,"url":"https:\/\/thomasgroslier.fr\/wp-content\/uploads\/2025\/06\/2024-10.Promenade-a-saint-palais-web.jpg","type":"image\/jpeg"}],"author":"T\u00e9g\u00e9","twitter_card":"summary_large_image","twitter_misc":{"Written by":"T\u00e9g\u00e9","Estimated reading time":"2 minutes"},"schema":{"@context":"https:\/\/schema.org","@graph":[{"@type":"Article","@id":"https:\/\/thomasgroslier.fr\/promenade-a-saint-palais-1\/#article","isPartOf":{"@id":"https:\/\/thomasgroslier.fr\/promenade-a-saint-palais-1\/"},"author":{"name":"T\u00e9g\u00e9","@id":"https:\/\/thomasgroslier.fr\/#\/schema\/person\/cc098d20be146d7e870c5df87122bb46"},"headline":"\u00ab\u00a0Promenade \u00e0 Saint-Palais 1\u00a0\u00bb","datePublished":"2025-06-09T13:45:10+00:00","dateModified":"2026-01-18T07:52:02+00:00","mainEntityOfPage":{"@id":"https:\/\/thomasgroslier.fr\/promenade-a-saint-palais-1\/"},"wordCount":246,"commentCount":0,"publisher":{"@id":"https:\/\/thomasgroslier.fr\/#organization"},"image":{"@id":"https:\/\/thomasgroslier.fr\/promenade-a-saint-palais-1\/#primaryimage"},"thumbnailUrl":"https:\/\/i0.wp.com\/thomasgroslier.fr\/wp-content\/uploads\/2025\/06\/2024-10.Promenade-a-saint-palais-web.jpg?fit=709%2C572&ssl=1","articleSection":["Peinture","Sc\u00e8ne de genre","Toutes cat\u00e9gories"],"inLanguage":"en-GB","potentialAction":[{"@type":"CommentAction","name":"Comment","target":["https:\/\/thomasgroslier.fr\/promenade-a-saint-palais-1\/#respond"]}]},{"@type":"WebPage","@id":"https:\/\/thomasgroslier.fr\/promenade-a-saint-palais-1\/","url":"https:\/\/thomasgroslier.fr\/promenade-a-saint-palais-1\/","name":"\"Promenade \u00e0 Saint-Palais 1\" - Thomas Groslier - Artiste peintre","isPartOf":{"@id":"https:\/\/thomasgroslier.fr\/#website"},"primaryImageOfPage":{"@id":"https:\/\/thomasgroslier.fr\/promenade-a-saint-palais-1\/#primaryimage"},"image":{"@id":"https:\/\/thomasgroslier.fr\/promenade-a-saint-palais-1\/#primaryimage"},"thumbnailUrl":"https:\/\/i0.wp.com\/thomasgroslier.fr\/wp-content\/uploads\/2025\/06\/2024-10.Promenade-a-saint-palais-web.jpg?fit=709%2C572&ssl=1","datePublished":"2025-06-09T13:45:10+00:00","dateModified":"2026-01-18T07:52:02+00:00","description":"Une jeune cavali\u00e8re aux allures de r\u00eave traverse le rivage cr\u00e9pusculaire de Saint-Palais. Entre po\u00e9sie, enfance et myst\u00e8re, Promenade \u00e0 Saint-Palais est une peinture au charme \u00e9trange et suspendu.","breadcrumb":{"@id":"https:\/\/thomasgroslier.fr\/promenade-a-saint-palais-1\/#breadcrumb"},"inLanguage":"en-GB","potentialAction":[{"@type":"ReadAction","target":["https:\/\/thomasgroslier.fr\/promenade-a-saint-palais-1\/"]}]},{"@type":"ImageObject","inLanguage":"en-GB","@id":"https:\/\/thomasgroslier.fr\/promenade-a-saint-palais-1\/#primaryimage","url":"https:\/\/i0.wp.com\/thomasgroslier.fr\/wp-content\/uploads\/2025\/06\/2024-10.Promenade-a-saint-palais-web.jpg?fit=709%2C572&ssl=1","contentUrl":"https:\/\/i0.wp.com\/thomasgroslier.fr\/wp-content\/uploads\/2025\/06\/2024-10.Promenade-a-saint-palais-web.jpg?fit=709%2C572&ssl=1","width":709,"height":572,"caption":"\"Promenade \u00e0 Saint-Palais\" 2024 Temp\u00e9ra et huile sur toile 38 x 46 cm"},{"@type":"BreadcrumbList","@id":"https:\/\/thomasgroslier.fr\/promenade-a-saint-palais-1\/#breadcrumb","itemListElement":[{"@type":"ListItem","position":1,"name":"Accueil","item":"https:\/\/thomasgroslier.fr\/"},{"@type":"ListItem","position":2,"name":"\u00ab\u00a0Promenade \u00e0 Saint-Palais 1\u00a0\u00bb"}]},{"@type":"WebSite","@id":"https:\/\/thomasgroslier.fr\/#website","url":"https:\/\/thomasgroslier.fr\/","name":"Thomas Groslier - Artiste peintre","description":"","publisher":{"@id":"https:\/\/thomasgroslier.fr\/#organization"},"alternateName":"Thomas Groslier","potentialAction":[{"@type":"SearchAction","target":{"@type":"EntryPoint","urlTemplate":"https:\/\/thomasgroslier.fr\/?s={search_term_string}"},"query-input":{"@type":"PropertyValueSpecification","valueRequired":true,"valueName":"search_term_string"}}],"inLanguage":"en-GB"},{"@type":"Organization","@id":"https:\/\/thomasgroslier.fr\/#organization","name":"Thomas Groslier - Artiste peintre","url":"https:\/\/thomasgroslier.fr\/","logo":{"@type":"ImageObject","inLanguage":"en-GB","@id":"https:\/\/thomasgroslier.fr\/#\/schema\/logo\/image\/","url":"https:\/\/i0.wp.com\/thomasgroslier.fr\/wp-content\/uploads\/2018\/06\/cropped-cropped-cropped-autoportrait-le-soir1.jpg?fit=512%2C512&ssl=1","contentUrl":"https:\/\/i0.wp.com\/thomasgroslier.fr\/wp-content\/uploads\/2018\/06\/cropped-cropped-cropped-autoportrait-le-soir1.jpg?fit=512%2C512&ssl=1","width":512,"height":512,"caption":"Thomas Groslier - Artiste peintre"},"image":{"@id":"https:\/\/thomasgroslier.fr\/#\/schema\/logo\/image\/"}},{"@type":"Person","@id":"https:\/\/thomasgroslier.fr\/#\/schema\/person\/cc098d20be146d7e870c5df87122bb46","name":"T\u00e9g\u00e9","image":{"@type":"ImageObject","inLanguage":"en-GB","@id":"https:\/\/secure.gravatar.com\/avatar\/0a6d198652fad986f343d5eda9215d5d8206aeafdd7fa98837b94d58459ce484?s=96&d=mm&r=g","url":"https:\/\/secure.gravatar.com\/avatar\/0a6d198652fad986f343d5eda9215d5d8206aeafdd7fa98837b94d58459ce484?s=96&d=mm&r=g","contentUrl":"https:\/\/secure.gravatar.com\/avatar\/0a6d198652fad986f343d5eda9215d5d8206aeafdd7fa98837b94d58459ce484?s=96&d=mm&r=g","caption":"T\u00e9g\u00e9"},"url":"https:\/\/thomasgroslier.fr\/en\/author\/admin3014\/"}]}},"jetpack_publicize_connections":[],"jetpack_featured_media_url":"https:\/\/i0.wp.com\/thomasgroslier.fr\/wp-content\/uploads\/2025\/06\/2024-10.Promenade-a-saint-palais-web.jpg?fit=709%2C572&ssl=1","jetpack_sharing_enabled":true,"jetpack_shortlink":"https:\/\/wp.me\/pab5mt-43u","jetpack-related-posts":[{"id":14056,"url":"https:\/\/thomasgroslier.fr\/en\/soir-antique-2\/","url_meta":{"origin":15592,"position":0},"title":"Soir antique","author":"T\u00e9g\u00e9","date":"6 October 2023","format":false,"excerpt":"\"Soir antique\" 2023 huile sur toile 54 x 65 cm \u201cSoir antique\u201d en hommage \u00e0 Alphonse Osbert Alphonse Osbert n\u00e9 \u00e0 Paris le 23 mars 1857 et mort dans la m\u00eame ville le 11 ao\u00fbt 1939 est un peintre symboliste fran\u00e7ais. C\u2019est l\u2019\u00e9poque o\u00f9 il m\u00e8ne des exp\u00e9riences plus pouss\u00e9es\u2026","rel":"","context":"In &quot;Baigneuses&quot;","block_context":{"text":"Baigneuses","link":"https:\/\/thomasgroslier.fr\/en\/category\/baigneuses\/"},"img":{"alt_text":"femmes prenant le soleil au bord de la mer","src":"https:\/\/i0.wp.com\/thomasgroslier.fr\/wp-content\/uploads\/2023\/10\/2023-01.Soir-antique-WEB.jpg?fit=850%2C681&ssl=1&resize=350%2C200","width":350,"height":200,"srcset":"https:\/\/i0.wp.com\/thomasgroslier.fr\/wp-content\/uploads\/2023\/10\/2023-01.Soir-antique-WEB.jpg?fit=850%2C681&ssl=1&resize=350%2C200 1x, https:\/\/i0.wp.com\/thomasgroslier.fr\/wp-content\/uploads\/2023\/10\/2023-01.Soir-antique-WEB.jpg?fit=850%2C681&ssl=1&resize=525%2C300 1.5x, https:\/\/i0.wp.com\/thomasgroslier.fr\/wp-content\/uploads\/2023\/10\/2023-01.Soir-antique-WEB.jpg?fit=850%2C681&ssl=1&resize=700%2C400 2x"},"classes":[]},{"id":389,"url":"https:\/\/thomasgroslier.fr\/en\/le-soir\/","url_meta":{"origin":15592,"position":1},"title":"Le soir","author":"TG","date":"12 October 2017","format":"aside","excerpt":"\"Autoportrait le soir\" 2017 Tempera et huile sur toile 54 x 65 cm Ce tableau a subit de nombreuses modifications. Il s'agit d'une repr\u00e9sentation de l'atelier avec la fen\u00eatre qui donne sur le jardin. Il n'y avait pas d'autoportrait \u00e0 l'origine. C'est seulement apr\u00e8s plusieurs s\u00e9ances de travail que le\u2026","rel":"","context":"In &quot;Peinture&quot;","block_context":{"text":"Peinture","link":"https:\/\/thomasgroslier.fr\/en\/category\/peinture\/"},"img":{"alt_text":"Groslier Thomas, peinture","src":"https:\/\/i0.wp.com\/thomasgroslier.fr\/wp-content\/uploads\/2018\/06\/autoportrait-le-soir1.jpg?fit=820%2C992&ssl=1&resize=350%2C200","width":350,"height":200,"srcset":"https:\/\/i0.wp.com\/thomasgroslier.fr\/wp-content\/uploads\/2018\/06\/autoportrait-le-soir1.jpg?fit=820%2C992&ssl=1&resize=350%2C200 1x, https:\/\/i0.wp.com\/thomasgroslier.fr\/wp-content\/uploads\/2018\/06\/autoportrait-le-soir1.jpg?fit=820%2C992&ssl=1&resize=525%2C300 1.5x, https:\/\/i0.wp.com\/thomasgroslier.fr\/wp-content\/uploads\/2018\/06\/autoportrait-le-soir1.jpg?fit=820%2C992&ssl=1&resize=700%2C400 2x"},"classes":[]},{"id":14459,"url":"https:\/\/thomasgroslier.fr\/en\/jardin\/","url_meta":{"origin":15592,"position":2},"title":"Jardin","author":"T\u00e9g\u00e9","date":"26 February 2024","format":false,"excerpt":"Paysage de Picardie Peinture \u00e0 l'huile de Thomas Groslier en 2012. Huile sur toile 93 x 70 cm\u2026","rel":"","context":"In &quot;Jardin&quot;","block_context":{"text":"Jardin","link":"https:\/\/thomasgroslier.fr\/en\/category\/jardin\/"},"img":{"alt_text":"Paysage de Picardie, peinture de Thomas Groslier","src":"https:\/\/i0.wp.com\/thomasgroslier.fr\/wp-content\/uploads\/2018\/07\/02-2012parlafenetre.jpg?fit=850%2C682&ssl=1&resize=350%2C200","width":350,"height":200,"srcset":"https:\/\/i0.wp.com\/thomasgroslier.fr\/wp-content\/uploads\/2018\/07\/02-2012parlafenetre.jpg?fit=850%2C682&ssl=1&resize=350%2C200 1x, https:\/\/i0.wp.com\/thomasgroslier.fr\/wp-content\/uploads\/2018\/07\/02-2012parlafenetre.jpg?fit=850%2C682&ssl=1&resize=525%2C300 1.5x, https:\/\/i0.wp.com\/thomasgroslier.fr\/wp-content\/uploads\/2018\/07\/02-2012parlafenetre.jpg?fit=850%2C682&ssl=1&resize=700%2C400 2x"},"classes":[]},{"id":15224,"url":"https:\/\/thomasgroslier.fr\/en\/automne-2\/","url_meta":{"origin":15592,"position":3},"title":"\u00ab\u00a0Automne\u00a0\u00bb","author":"T\u00e9g\u00e9","date":"8 February 2025","format":false,"excerpt":"La repr\u00e9sentation de fleurs fan\u00e9es dans les natures mortes est une pratique artistique qui symbolise souvent la fugacit\u00e9 de la vie et le passage du temps. Cette approche s'inscrit dans la tradition des vanit\u00e9s, o\u00f9 je cherche \u00e0 rappeler la nature \u00e9ph\u00e9m\u00e8re de l'existence humaine.","rel":"","context":"In &quot;Nature morte&quot;","block_context":{"text":"Nature morte","link":"https:\/\/thomasgroslier.fr\/en\/category\/nature-morte\/"},"img":{"alt_text":"Nature morte - peinture de Thomas Groslier","src":"https:\/\/i0.wp.com\/thomasgroslier.fr\/wp-content\/uploads\/2024\/12\/2024-12.automne-web.jpg?fit=572%2C709&ssl=1&resize=350%2C200","width":350,"height":200,"srcset":"https:\/\/i0.wp.com\/thomasgroslier.fr\/wp-content\/uploads\/2024\/12\/2024-12.automne-web.jpg?fit=572%2C709&ssl=1&resize=350%2C200 1x, https:\/\/i0.wp.com\/thomasgroslier.fr\/wp-content\/uploads\/2024\/12\/2024-12.automne-web.jpg?fit=572%2C709&ssl=1&resize=525%2C300 1.5x"},"classes":[]},{"id":3269,"url":"https:\/\/thomasgroslier.fr\/en\/le-crabe\/","url_meta":{"origin":15592,"position":4},"title":"Le crabe","author":"T\u00e9g\u00e9","date":"15 June 2019","format":false,"excerpt":"Dans cette sc\u00e8ne apparemment anecdotique, chaque personnage est repr\u00e9sent\u00e9 dans sa solitude, indiff\u00e9rent aux autres. Le titre :\u00a0Le crabe, qui est une allusion \u00e0 la maladie dont il est le nom argotique, conf\u00e8re \u00e0 ce tableau le caract\u00e8re dramatique qu'il ne poss\u00e8de pas \u00e0 premi\u00e8re vue.Cette \u0153uvre repr\u00e9sente une sc\u00e8ne\u2026","rel":"","context":"In &quot;Baigneuses&quot;","block_context":{"text":"Baigneuses","link":"https:\/\/thomasgroslier.fr\/en\/category\/baigneuses\/"},"img":{"alt_text":"femme prenant un bain de soleil","src":"https:\/\/i0.wp.com\/thomasgroslier.fr\/wp-content\/uploads\/2018\/06\/2014-02-lecrabe.jpg?fit=992%2C814&ssl=1&resize=350%2C200","width":350,"height":200,"srcset":"https:\/\/i0.wp.com\/thomasgroslier.fr\/wp-content\/uploads\/2018\/06\/2014-02-lecrabe.jpg?fit=992%2C814&ssl=1&resize=350%2C200 1x, https:\/\/i0.wp.com\/thomasgroslier.fr\/wp-content\/uploads\/2018\/06\/2014-02-lecrabe.jpg?fit=992%2C814&ssl=1&resize=525%2C300 1.5x, https:\/\/i0.wp.com\/thomasgroslier.fr\/wp-content\/uploads\/2018\/06\/2014-02-lecrabe.jpg?fit=992%2C814&ssl=1&resize=700%2C400 2x"},"classes":[]},{"id":9342,"url":"https:\/\/thomasgroslier.fr\/en\/une-nuit-au-luxembourg-dapres-remy-de-gourmont\/","url_meta":{"origin":15592,"position":5},"title":"\u00ab\u00a0Une nuit au Luxembourg\u00a0\u00bb d&rsquo;apr\u00e8s R\u00e9my de Gourmont","author":"T\u00e9g\u00e9","date":"9 March 2021","format":false,"excerpt":"Tableau inspir\u00e9 par le roman Une nuit au Luxembourg de R\u00e9my de Gourmont .\u00a0Ce roman, publi\u00e9 en 1906 est une fable sensuelle o\u00f9 le fantastique et la philosophie se m\u00ealent (\u2026) dans une atmosph\u00e8re r\u00e9aliste et surnaturelle \u00e0 la fois.","rel":"","context":"In &quot;Peinture&quot;","block_context":{"text":"Peinture","link":"https:\/\/thomasgroslier.fr\/en\/category\/peinture\/"},"img":{"alt_text":"Femme dans un jardin, d'apr\u00e8s R\u00e9my de Gourmont. Jardin du Luxembourg Paris","src":"https:\/\/i0.wp.com\/thomasgroslier.fr\/wp-content\/uploads\/2025\/03\/une-nuit-au-luxembourg-web-1.jpg?fit=709%2C508&ssl=1&resize=350%2C200","width":350,"height":200,"srcset":"https:\/\/i0.wp.com\/thomasgroslier.fr\/wp-content\/uploads\/2025\/03\/une-nuit-au-luxembourg-web-1.jpg?fit=709%2C508&ssl=1&resize=350%2C200 1x, https:\/\/i0.wp.com\/thomasgroslier.fr\/wp-content\/uploads\/2025\/03\/une-nuit-au-luxembourg-web-1.jpg?fit=709%2C508&ssl=1&resize=525%2C300 1.5x, https:\/\/i0.wp.com\/thomasgroslier.fr\/wp-content\/uploads\/2025\/03\/une-nuit-au-luxembourg-web-1.jpg?fit=709%2C508&ssl=1&resize=700%2C400 2x"},"classes":[]}],"jetpack_likes_enabled":true,"_links":{"self":[{"href":"https:\/\/thomasgroslier.fr\/en\/wp-json\/wp\/v2\/posts\/15592","targetHints":{"allow":["GET"]}}],"collection":[{"href":"https:\/\/thomasgroslier.fr\/en\/wp-json\/wp\/v2\/posts"}],"about":[{"href":"https:\/\/thomasgroslier.fr\/en\/wp-json\/wp\/v2\/types\/post"}],"author":[{"embeddable":true,"href":"https:\/\/thomasgroslier.fr\/en\/wp-json\/wp\/v2\/users\/1"}],"replies":[{"embeddable":true,"href":"https:\/\/thomasgroslier.fr\/en\/wp-json\/wp\/v2\/comments?post=15592"}],"version-history":[{"count":7,"href":"https:\/\/thomasgroslier.fr\/en\/wp-json\/wp\/v2\/posts\/15592\/revisions"}],"predecessor-version":[{"id":16114,"href":"https:\/\/thomasgroslier.fr\/en\/wp-json\/wp\/v2\/posts\/15592\/revisions\/16114"}],"wp:featuredmedia":[{"embeddable":true,"href":"https:\/\/thomasgroslier.fr\/en\/wp-json\/wp\/v2\/media\/15593"}],"wp:attachment":[{"href":"https:\/\/thomasgroslier.fr\/en\/wp-json\/wp\/v2\/media?parent=15592"}],"wp:term":[{"taxonomy":"category","embeddable":true,"href":"https:\/\/thomasgroslier.fr\/en\/wp-json\/wp\/v2\/categories?post=15592"},{"taxonomy":"post_tag","embeddable":true,"href":"https:\/\/thomasgroslier.fr\/en\/wp-json\/wp\/v2\/tags?post=15592"}],"curies":[{"name":"wp","href":"https:\/\/api.w.org\/{rel}","templated":true}]}}